{"id":1,"date":"2022-02-26T12:11:42","date_gmt":"2022-02-26T12:11:42","guid":{"rendered":"https:\/\/architekten-ludwig.de\/?p=1"},"modified":"2022-02-27T10:48:35","modified_gmt":"2022-02-27T10:48:35","slug":"hello-world","status":"publish","type":"post","link":"https:\/\/architekten-ludwig.de\/?p=1","title":{"rendered":"Hallo Zusammen!"},"content":{"rendered":"\n<p>Nach 32 Jahren habe ich mein Architekturb\u00fcro &#8222;herunter gefahren&#8220;!<\/p>\n\n\n\n<p>Ich arbeite nur noch nach schriftlicher Anfrage.<\/p>\n\n\n\n<p>Jetzt habe ich mir andere Besch\u00e4ftigung gesucht und gefunden! Ich bin immer noch als Architekt t\u00e4tig, habe aber meine T\u00e4tigkeiten mehr auf Beratung ausgelegt. Der <a rel=\"noreferrer noopener\" href=\"https:\/\/architekten-thueringen.de\/aft\/bueros\/b\/architekturbuero_ludwig__dipl__i-156.html\" data-type=\"URL\" data-id=\"https:\/\/architekten-thueringen.de\/aft\/bueros\/b\/architekturbuero_ludwig__dipl__i-156.html\" target=\"_blank\">Link zur Architektenkammer<\/a> ist hier f\u00fcr meine Referenzen.<\/p>\n","protected":false},"excerpt":{"rendered":"<p>Nach 32 Jahren habe ich mein Architekturb\u00fcro &#8222;herunter gefahren&#8220;! Ich arbeite nur noch nach schriftlicher Anfrage. Jetzt habe ich mir andere Besch\u00e4ftigung gesucht und gefunden! &hellip;<\/p>\n","protected":false},"author":1,"featured_media":0,"comment_status":"open","ping_status":"open","sticky":false,"template":"","format":"standard","meta":{"footnotes":""},"categories":[1],"tags":[],"class_list":["post-1","post","type-post","status-publish","format-standard","hentry","category-neues"],"_links":{"self":[{"href":"https:\/\/architekten-ludwig.de\/index.php?rest_route=\/wp\/v2\/posts\/1","targetHints":{"allow":["GET"]}}],"collection":[{"href":"https:\/\/architekten-ludwig.de\/index.php?rest_route=\/wp\/v2\/posts"}],"about":[{"href":"https:\/\/architekten-ludwig.de\/index.php?rest_route=\/wp\/v2\/types\/post"}],"author":[{"embeddable":true,"href":"https:\/\/architekten-ludwig.de\/index.php?rest_route=\/wp\/v2\/users\/1"}],"replies":[{"embeddable":true,"href":"https:\/\/architekten-ludwig.de\/index.php?rest_route=%2Fwp%2Fv2%2Fcomments&post=1"}],"version-history":[{"count":3,"href":"https:\/\/architekten-ludwig.de\/index.php?rest_route=\/wp\/v2\/posts\/1\/revisions"}],"predecessor-version":[{"id":206,"href":"https:\/\/architekten-ludwig.de\/index.php?rest_route=\/wp\/v2\/posts\/1\/revisions\/206"}],"wp:attachment":[{"href":"https:\/\/architekten-ludwig.de\/index.php?rest_route=%2Fwp%2Fv2%2Fmedia&parent=1"}],"wp:term":[{"taxonomy":"category","embeddable":true,"href":"https:\/\/architekten-ludwig.de\/index.php?rest_route=%2Fwp%2Fv2%2Fcategories&post=1"},{"taxonomy":"post_tag","embeddable":true,"href":"https:\/\/architekten-ludwig.de\/index.php?rest_route=%2Fwp%2Fv2%2Ftags&post=1"}],"curies":[{"name":"wp","href":"https:\/\/api.w.org\/{rel}","templated":true}]}}